{"id":14586,"date":"2024-02-20T10:00:41","date_gmt":"2024-02-20T08:00:41","guid":{"rendered":"https:\/\/gane.de\/?p=14586"},"modified":"2024-02-20T11:02:17","modified_gmt":"2024-02-20T09:02:17","slug":"aus-gane-global-balanced-fund-wird-gane-value-event-fund","status":"publish","type":"post","link":"https:\/\/gane.de\/en\/aus-gane-global-balanced-fund-wird-gane-value-event-fund\/","title":{"rendered":"GAN\u00c9 Global Balanced Fund becomes GAN\u00c9 Value Event Fund"},"content":{"rendered":"<p>GAN\u00c9 launches its own fund following the model of the long-standing successful Value Event Fund: In the coming days, the fund management company GAN\u00c9 will change the investment concept of the GAN\u00c9 Global Balanced Fund, which was launched in December 2023 under the umbrella of GAN\u00c9 Investment-AG with sub-funds, from a defensive balanced fund to an offensive balanced fund.<\/p>\n<p>Dr. Uwe Rathausky, CEO both of GAN\u00c9 Aktiengesellschaft and GAN\u00c9 Investment-AG with sub-funds, explains the move as follows: \u201dFrom the moment when our long-standing partner ACATIS terminated its contract with BN&amp;P and thus indirectly with GAN\u00c9 AG, our phones have not stopped ringing. We have been receiving overwhelming support from investors, nevertheless they are unsettled as, since the termination, we no longer have any influence on the investment decisions of the Value Event Fund under the ACATIS umbrella. At the same time, ACATIS has no access to our investment methodology and cannot easily replicate it. Investors, however, trust our fund management. They want clarity and reliability and demand a quick solution. This is why GAN\u00c9 Investment-AG has decided to change the concept of the recently launched defensive mixed fund GAN\u00c9 Global Balanced Fund and adapt it to match that of the more offensive, multi-award-winning Value Event Fund.\u201d<\/p>\n<p>\u00ab<a title=\"\" href=\"https:\/\/gane.de\/wp-content\/uploads\/2024\/02\/Corporate-News-20.02.2024-E.pdf\" target=\"_blank\" rel=\"noopener\">Press Release-Download<\/a>\u00bb<\/p>\n","protected":false},"excerpt":{"rendered":"<p>GAN\u00c9 launches its own fund following the model of the long-standing successful Value Event Fund: In the coming days, the fund management company GAN\u00c9 will change the investment concept of the GAN\u00c9 Global Balanced Fund, which was launched in December 2023 under the umbrella of GAN\u00c9 Investment-AG with sub-funds, from a defensive balanced fund to [&hellip;]<\/p>\n","protected":false},"author":8,"featured_media":4122,"comment_status":"open","ping_status":"open","sticky":false,"template":"","format":"standard","meta":{"_acf_changed":false,"_et_pb_use_builder":"","_et_pb_old_content":"","_et_gb_content_width":"","inline_featured_image":false,"mc4wp_mailchimp_campaign":[],"footnotes":""},"categories":[44],"tags":[],"class_list":["post-14586","post","type-post","status-publish","format-standard","has-post-thumbnail","hentry","category-press-releases"],"acf":[],"yoast_head":"<!-- This site is optimized with the Yoast SEO plugin v27.4 - https:\/\/yoast.com\/product\/yoast-seo-wordpress\/ -->\n<title>GAN\u00c9 Global Balanced Fund becomes GAN\u00c9 Value Event Fund - gane-aktiengesellschaft<\/title>\n<meta name=\"description\" content=\"GAN\u00c9 launches its own fund following the model of the long-standing successful Value Event Fund: In the coming days, the fund management company GAN\u00c9 will\" \/>\n<meta name=\"robots\" content=\"index, follow, max-snippet:-1, max-image-preview:large, max-video-preview:-1\" \/>\n<link rel=\"canonical\" href=\"https:\/\/gane.de\/en\/aus-gane-global-balanced-fund-wird-gane-value-event-fund\/\" \/>\n<meta property=\"og:locale\" content=\"en_US\" \/>\n<meta property=\"og:type\" content=\"article\" \/>\n<meta property=\"og:title\" content=\"GAN\u00c9 Global Balanced Fund becomes GAN\u00c9 Value Event Fund - gane-aktiengesellschaft\" \/>\n<meta property=\"og:description\" content=\"GAN\u00c9 launches its own fund following the model of the long-standing successful Value Event Fund: In the coming days, the fund management company GAN\u00c9 will\" \/>\n<meta property=\"og:url\" content=\"https:\/\/gane.de\/en\/aus-gane-global-balanced-fund-wird-gane-value-event-fund\/\" \/>\n<meta property=\"og:site_name\" content=\"gane-aktiengesellschaft\" \/>\n<meta property=\"article:published_time\" content=\"2024-02-20T08:00:41+00:00\" \/>\n<meta property=\"article:modified_time\" content=\"2024-02-20T09:02:17+00:00\" \/>\n<meta property=\"og:image\" content=\"https:\/\/gane.de\/wp-content\/uploads\/2021\/02\/gane-presse.jpg\" \/>\n\t<meta property=\"og:image:width\" content=\"430\" \/>\n\t<meta property=\"og:image:height\" content=\"270\" \/>\n\t<meta property=\"og:image:type\" content=\"image\/jpeg\" \/>\n<meta name=\"author\" content=\"Dr. Uwe Rathausky\" \/>\n<meta name=\"twitter:card\" content=\"summary_large_image\" \/>\n<meta name=\"twitter:label1\" content=\"Written by\" \/>\n\t<meta name=\"twitter:data1\" content=\"Dr. Uwe Rathausky\" \/>\n\t<meta name=\"twitter:label2\" content=\"Est. reading time\" \/>\n\t<meta name=\"twitter:data2\" content=\"2 minutes\" \/>\n<script type=\"application\/ld+json\" class=\"yoast-schema-graph\">{\"@context\":\"https:\\\/\\\/schema.org\",\"@graph\":[{\"@type\":\"Article\",\"@id\":\"https:\\\/\\\/gane.de\\\/en\\\/aus-gane-global-balanced-fund-wird-gane-value-event-fund\\\/#article\",\"isPartOf\":{\"@id\":\"https:\\\/\\\/gane.de\\\/en\\\/aus-gane-global-balanced-fund-wird-gane-value-event-fund\\\/\"},\"author\":{\"name\":\"Dr. Uwe Rathausky\",\"@id\":\"https:\\\/\\\/gane.de\\\/#\\\/schema\\\/person\\\/c873fe14337099614b9fc5deb1d097d0\"},\"headline\":\"GAN\u00c9 Global Balanced Fund becomes GAN\u00c9 Value Event Fund\",\"datePublished\":\"2024-02-20T08:00:41+00:00\",\"dateModified\":\"2024-02-20T09:02:17+00:00\",\"mainEntityOfPage\":{\"@id\":\"https:\\\/\\\/gane.de\\\/en\\\/aus-gane-global-balanced-fund-wird-gane-value-event-fund\\\/\"},\"wordCount\":218,\"commentCount\":0,\"publisher\":{\"@id\":\"https:\\\/\\\/gane.de\\\/#organization\"},\"image\":{\"@id\":\"https:\\\/\\\/gane.de\\\/en\\\/aus-gane-global-balanced-fund-wird-gane-value-event-fund\\\/#primaryimage\"},\"thumbnailUrl\":\"https:\\\/\\\/gane.de\\\/wp-content\\\/uploads\\\/2021\\\/02\\\/gane-presse.jpg\",\"articleSection\":[\"Press Releases\"],\"inLanguage\":\"en-US\"},{\"@type\":\"WebPage\",\"@id\":\"https:\\\/\\\/gane.de\\\/en\\\/aus-gane-global-balanced-fund-wird-gane-value-event-fund\\\/\",\"url\":\"https:\\\/\\\/gane.de\\\/en\\\/aus-gane-global-balanced-fund-wird-gane-value-event-fund\\\/\",\"name\":\"GAN\u00c9 Global Balanced Fund becomes GAN\u00c9 Value Event Fund - gane-aktiengesellschaft\",\"isPartOf\":{\"@id\":\"https:\\\/\\\/gane.de\\\/#website\"},\"primaryImageOfPage\":{\"@id\":\"https:\\\/\\\/gane.de\\\/en\\\/aus-gane-global-balanced-fund-wird-gane-value-event-fund\\\/#primaryimage\"},\"image\":{\"@id\":\"https:\\\/\\\/gane.de\\\/en\\\/aus-gane-global-balanced-fund-wird-gane-value-event-fund\\\/#primaryimage\"},\"thumbnailUrl\":\"https:\\\/\\\/gane.de\\\/wp-content\\\/uploads\\\/2021\\\/02\\\/gane-presse.jpg\",\"datePublished\":\"2024-02-20T08:00:41+00:00\",\"dateModified\":\"2024-02-20T09:02:17+00:00\",\"description\":\"GAN\u00c9 launches its own fund following the model of the long-standing successful Value Event Fund: In the coming days, the fund management company GAN\u00c9 will\",\"breadcrumb\":{\"@id\":\"https:\\\/\\\/gane.de\\\/en\\\/aus-gane-global-balanced-fund-wird-gane-value-event-fund\\\/#breadcrumb\"},\"inLanguage\":\"en-US\",\"potentialAction\":[{\"@type\":\"ReadAction\",\"target\":[\"https:\\\/\\\/gane.de\\\/en\\\/aus-gane-global-balanced-fund-wird-gane-value-event-fund\\\/\"]}]},{\"@type\":\"ImageObject\",\"inLanguage\":\"en-US\",\"@id\":\"https:\\\/\\\/gane.de\\\/en\\\/aus-gane-global-balanced-fund-wird-gane-value-event-fund\\\/#primaryimage\",\"url\":\"https:\\\/\\\/gane.de\\\/wp-content\\\/uploads\\\/2021\\\/02\\\/gane-presse.jpg\",\"contentUrl\":\"https:\\\/\\\/gane.de\\\/wp-content\\\/uploads\\\/2021\\\/02\\\/gane-presse.jpg\",\"width\":430,\"height\":270},{\"@type\":\"BreadcrumbList\",\"@id\":\"https:\\\/\\\/gane.de\\\/en\\\/aus-gane-global-balanced-fund-wird-gane-value-event-fund\\\/#breadcrumb\",\"itemListElement\":[{\"@type\":\"ListItem\",\"position\":1,\"name\":\"Home\",\"item\":\"https:\\\/\\\/gane.de\\\/en\\\/startsite\\\/\"},{\"@type\":\"ListItem\",\"position\":2,\"name\":\"GAN\u00c9 Global Balanced Fund becomes GAN\u00c9 Value Event Fund\"}]},{\"@type\":\"WebSite\",\"@id\":\"https:\\\/\\\/gane.de\\\/#website\",\"url\":\"https:\\\/\\\/gane.de\\\/\",\"name\":\"gane-aktiengesellschaft\",\"description\":\"Just another WordPress site\",\"publisher\":{\"@id\":\"https:\\\/\\\/gane.de\\\/#organization\"},\"potentialAction\":[{\"@type\":\"SearchAction\",\"target\":{\"@type\":\"EntryPoint\",\"urlTemplate\":\"https:\\\/\\\/gane.de\\\/?s={search_term_string}\"},\"query-input\":{\"@type\":\"PropertyValueSpecification\",\"valueRequired\":true,\"valueName\":\"search_term_string\"}}],\"inLanguage\":\"en-US\"},{\"@type\":\"Organization\",\"@id\":\"https:\\\/\\\/gane.de\\\/#organization\",\"name\":\"GAN\u00c9 Aktiengesellschaft\",\"url\":\"https:\\\/\\\/gane.de\\\/\",\"logo\":{\"@type\":\"ImageObject\",\"inLanguage\":\"en-US\",\"@id\":\"https:\\\/\\\/gane.de\\\/#\\\/schema\\\/logo\\\/image\\\/\",\"url\":\"https:\\\/\\\/gane.de\\\/wp-content\\\/uploads\\\/2021\\\/01\\\/logo-gane.png\",\"contentUrl\":\"https:\\\/\\\/gane.de\\\/wp-content\\\/uploads\\\/2021\\\/01\\\/logo-gane.png\",\"width\":606,\"height\":192,\"caption\":\"GAN\u00c9 Aktiengesellschaft\"},\"image\":{\"@id\":\"https:\\\/\\\/gane.de\\\/#\\\/schema\\\/logo\\\/image\\\/\"}},{\"@type\":\"Person\",\"@id\":\"https:\\\/\\\/gane.de\\\/#\\\/schema\\\/person\\\/c873fe14337099614b9fc5deb1d097d0\",\"name\":\"Dr. Uwe Rathausky\"}]}<\/script>\n<!-- \/ Yoast SEO plugin. -->","yoast_head_json":{"title":"GAN\u00c9 Global Balanced Fund becomes GAN\u00c9 Value Event Fund - gane-aktiengesellschaft","description":"GAN\u00c9 launches its own fund following the model of the long-standing successful Value Event Fund: In the coming days, the fund management company GAN\u00c9 will","robots":{"index":"index","follow":"follow","max-snippet":"max-snippet:-1","max-image-preview":"max-image-preview:large","max-video-preview":"max-video-preview:-1"},"canonical":"https:\/\/gane.de\/en\/aus-gane-global-balanced-fund-wird-gane-value-event-fund\/","og_locale":"en_US","og_type":"article","og_title":"GAN\u00c9 Global Balanced Fund becomes GAN\u00c9 Value Event Fund - gane-aktiengesellschaft","og_description":"GAN\u00c9 launches its own fund following the model of the long-standing successful Value Event Fund: In the coming days, the fund management company GAN\u00c9 will","og_url":"https:\/\/gane.de\/en\/aus-gane-global-balanced-fund-wird-gane-value-event-fund\/","og_site_name":"gane-aktiengesellschaft","article_published_time":"2024-02-20T08:00:41+00:00","article_modified_time":"2024-02-20T09:02:17+00:00","og_image":[{"width":430,"height":270,"url":"https:\/\/gane.de\/wp-content\/uploads\/2021\/02\/gane-presse.jpg","type":"image\/jpeg"}],"author":"Dr. Uwe Rathausky","twitter_card":"summary_large_image","twitter_misc":{"Written by":"Dr. Uwe Rathausky","Est. reading time":"2 minutes"},"schema":{"@context":"https:\/\/schema.org","@graph":[{"@type":"Article","@id":"https:\/\/gane.de\/en\/aus-gane-global-balanced-fund-wird-gane-value-event-fund\/#article","isPartOf":{"@id":"https:\/\/gane.de\/en\/aus-gane-global-balanced-fund-wird-gane-value-event-fund\/"},"author":{"name":"Dr. Uwe Rathausky","@id":"https:\/\/gane.de\/#\/schema\/person\/c873fe14337099614b9fc5deb1d097d0"},"headline":"GAN\u00c9 Global Balanced Fund becomes GAN\u00c9 Value Event Fund","datePublished":"2024-02-20T08:00:41+00:00","dateModified":"2024-02-20T09:02:17+00:00","mainEntityOfPage":{"@id":"https:\/\/gane.de\/en\/aus-gane-global-balanced-fund-wird-gane-value-event-fund\/"},"wordCount":218,"commentCount":0,"publisher":{"@id":"https:\/\/gane.de\/#organization"},"image":{"@id":"https:\/\/gane.de\/en\/aus-gane-global-balanced-fund-wird-gane-value-event-fund\/#primaryimage"},"thumbnailUrl":"https:\/\/gane.de\/wp-content\/uploads\/2021\/02\/gane-presse.jpg","articleSection":["Press Releases"],"inLanguage":"en-US"},{"@type":"WebPage","@id":"https:\/\/gane.de\/en\/aus-gane-global-balanced-fund-wird-gane-value-event-fund\/","url":"https:\/\/gane.de\/en\/aus-gane-global-balanced-fund-wird-gane-value-event-fund\/","name":"GAN\u00c9 Global Balanced Fund becomes GAN\u00c9 Value Event Fund - gane-aktiengesellschaft","isPartOf":{"@id":"https:\/\/gane.de\/#website"},"primaryImageOfPage":{"@id":"https:\/\/gane.de\/en\/aus-gane-global-balanced-fund-wird-gane-value-event-fund\/#primaryimage"},"image":{"@id":"https:\/\/gane.de\/en\/aus-gane-global-balanced-fund-wird-gane-value-event-fund\/#primaryimage"},"thumbnailUrl":"https:\/\/gane.de\/wp-content\/uploads\/2021\/02\/gane-presse.jpg","datePublished":"2024-02-20T08:00:41+00:00","dateModified":"2024-02-20T09:02:17+00:00","description":"GAN\u00c9 launches its own fund following the model of the long-standing successful Value Event Fund: In the coming days, the fund management company GAN\u00c9 will","breadcrumb":{"@id":"https:\/\/gane.de\/en\/aus-gane-global-balanced-fund-wird-gane-value-event-fund\/#breadcrumb"},"inLanguage":"en-US","potentialAction":[{"@type":"ReadAction","target":["https:\/\/gane.de\/en\/aus-gane-global-balanced-fund-wird-gane-value-event-fund\/"]}]},{"@type":"ImageObject","inLanguage":"en-US","@id":"https:\/\/gane.de\/en\/aus-gane-global-balanced-fund-wird-gane-value-event-fund\/#primaryimage","url":"https:\/\/gane.de\/wp-content\/uploads\/2021\/02\/gane-presse.jpg","contentUrl":"https:\/\/gane.de\/wp-content\/uploads\/2021\/02\/gane-presse.jpg","width":430,"height":270},{"@type":"BreadcrumbList","@id":"https:\/\/gane.de\/en\/aus-gane-global-balanced-fund-wird-gane-value-event-fund\/#breadcrumb","itemListElement":[{"@type":"ListItem","position":1,"name":"Home","item":"https:\/\/gane.de\/en\/startsite\/"},{"@type":"ListItem","position":2,"name":"GAN\u00c9 Global Balanced Fund becomes GAN\u00c9 Value Event Fund"}]},{"@type":"WebSite","@id":"https:\/\/gane.de\/#website","url":"https:\/\/gane.de\/","name":"gane-aktiengesellschaft","description":"Just another WordPress site","publisher":{"@id":"https:\/\/gane.de\/#organization"},"potentialAction":[{"@type":"SearchAction","target":{"@type":"EntryPoint","urlTemplate":"https:\/\/gane.de\/?s={search_term_string}"},"query-input":{"@type":"PropertyValueSpecification","valueRequired":true,"valueName":"search_term_string"}}],"inLanguage":"en-US"},{"@type":"Organization","@id":"https:\/\/gane.de\/#organization","name":"GAN\u00c9 Aktiengesellschaft","url":"https:\/\/gane.de\/","logo":{"@type":"ImageObject","inLanguage":"en-US","@id":"https:\/\/gane.de\/#\/schema\/logo\/image\/","url":"https:\/\/gane.de\/wp-content\/uploads\/2021\/01\/logo-gane.png","contentUrl":"https:\/\/gane.de\/wp-content\/uploads\/2021\/01\/logo-gane.png","width":606,"height":192,"caption":"GAN\u00c9 Aktiengesellschaft"},"image":{"@id":"https:\/\/gane.de\/#\/schema\/logo\/image\/"}},{"@type":"Person","@id":"https:\/\/gane.de\/#\/schema\/person\/c873fe14337099614b9fc5deb1d097d0","name":"Dr. Uwe Rathausky"}]}},"_links":{"self":[{"href":"https:\/\/gane.de\/en\/wp-json\/wp\/v2\/posts\/14586","targetHints":{"allow":["GET"]}}],"collection":[{"href":"https:\/\/gane.de\/en\/wp-json\/wp\/v2\/posts"}],"about":[{"href":"https:\/\/gane.de\/en\/wp-json\/wp\/v2\/types\/post"}],"author":[{"embeddable":true,"href":"https:\/\/gane.de\/en\/wp-json\/wp\/v2\/users\/8"}],"replies":[{"embeddable":true,"href":"https:\/\/gane.de\/en\/wp-json\/wp\/v2\/comments?post=14586"}],"version-history":[{"count":2,"href":"https:\/\/gane.de\/en\/wp-json\/wp\/v2\/posts\/14586\/revisions"}],"predecessor-version":[{"id":14588,"href":"https:\/\/gane.de\/en\/wp-json\/wp\/v2\/posts\/14586\/revisions\/14588"}],"wp:featuredmedia":[{"embeddable":true,"href":"https:\/\/gane.de\/en\/wp-json\/wp\/v2\/media\/4122"}],"wp:attachment":[{"href":"https:\/\/gane.de\/en\/wp-json\/wp\/v2\/media?parent=14586"}],"wp:term":[{"taxonomy":"category","embeddable":true,"href":"https:\/\/gane.de\/en\/wp-json\/wp\/v2\/categories?post=14586"},{"taxonomy":"post_tag","embeddable":true,"href":"https:\/\/gane.de\/en\/wp-json\/wp\/v2\/tags?post=14586"}],"curies":[{"name":"wp","href":"https:\/\/api.w.org\/{rel}","templated":true}]}}